{"id":986,"date":"2017-01-01T16:00:21","date_gmt":"2017-01-01T15:00:21","guid":{"rendered":"http:\/\/www.ktm13.com\/?p=986"},"modified":"2019-01-31T18:22:00","modified_gmt":"2019-01-31T17:22:00","slug":"250-freeride-f-2018","status":"publish","type":"post","link":"https:\/\/ktmpiboulesracing13.com\/index.php\/2017\/01\/01\/250-freeride-f-2018\/","title":{"rendered":"250 FREERIDE F 2019"},"content":{"rendered":"<h3 class=\"product-overview-intro__headline\">TRIALS MEETS TRAILS<\/h3>\n<div class=\"product-overview-intro__text\">\n<div class=\"product-overview-intro__description\">\n<p class=\"sc-cIShpX faWYQS\">La KTM FREERIDE 250 F est un nouveau concept de moto mixant des \u00e9l\u00e9ments de l\u2019univers du trial et de l\u2019enduro. Sa l\u00e9g\u00e8ret\u00e9, sa facilit\u00e9 d\u2019utilisation et son incroyable agilit\u00e9 raviront les esprits pionniers en qu\u00eate de nouvelles sensations. Gr\u00e2ce au tr\u00e8s sophistiqu\u00e9 moteur \u00e0 4\u00a0temps (DACT) \u00e0 injection de 250 cm3, la puissance, imm\u00e9diatement disponible, permet de s\u2019attaquer aux pistes les plus techniques en toute confiance. Le contr\u00f4le de la traction et le s\u00e9lecteur de cartographie disponible en option offrent les assistances n\u00e9cessaires pour avaler les plus grosses difficult\u00e9s avec une simplicit\u00e9 d\u00e9concertante.<\/p>\n<dl class=\"product-specs\">\n<dd class=\"product-specs__definition\">\n<dl class=\"product-specs-list\">\n<dt class=\"product-specs-list__term h5\">\n<h3 class=\"product-overview-details__header\">Fiche technique<\/h3>\n<dl class=\"product-specs\">\n<dt class=\"product-specs__term h3\">Engine<\/dt>\n<dd class=\"product-specs__definition\">\n<dl class=\"product-specs-list\">\n<dt class=\"product-specs-list__term h5\">Version<\/dt>\n<dd class=\"product-specs-list__def p2\">Moteur 1 cylindre, 4 temps<\/dd>\n<dt class=\"product-specs-list__term h5\">Cylindr\u00e9e<\/dt>\n<dd class=\"product-specs-list__def p2\">249.91 cm\u00b3<\/dd>\n<dt class=\"product-specs-list__term h5\">Al\u00e9sage<\/dt>\n<dd class=\"product-specs-list__def p2\">78 mm<\/dd>\n<dt class=\"product-specs-list__term h5\">Course<\/dt>\n<dd class=\"product-specs-list__def p2\">52.3 mm<\/dd>\n<dt class=\"product-specs-list__term h5\">D\u00e9marreur<\/dt>\n<dd class=\"product-specs-list__def p2\">D\u00e9marreur \u00e9lectrique<\/dd>\n<dt class=\"product-specs-list__term h5\">Bo\u00eete de vitesses<\/dt>\n<dd class=\"product-specs-list__def p2\">6 vitesses<\/dd>\n<dt class=\"product-specs-list__term h5\">Embrayage<\/dt>\n<dd class=\"product-specs-list__def p2\">Embrayage multidisques CSS \u00e0 bain d\u2019huile, hydraulique Formula<\/dd>\n<dt class=\"product-specs-list__term h5\">EMS<\/dt>\n<dd class=\"product-specs-list__def p2\">EMS Keihin<\/dd>\n<dt class=\"product-specs-list__term h5\">\u00c9missions de CO<sub>2<\/sub><\/dt>\n<dd class=\"product-specs-list__def p2\">69 g\/km<\/dd>\n<dt class=\"product-specs-list__term h5\">Consommation de carburant<\/dt>\n<dd class=\"product-specs-list__def p2\">3 l\/100 km<\/dd>\n<\/dl>\n<\/dd>\n<dt class=\"product-specs__term h3\">Chassis<\/dt>\n<dd class=\"product-specs__definition\">\n<dl class=\"product-specs-list\">\n<dt class=\"product-specs-list__term h5\">Mod\u00e8le cadre<\/dt>\n<dd class=\"product-specs-list__def p2\">Cadre p\u00e9rim\u00e9trique composite acier-aluminium<\/dd>\n<dt class=\"product-specs-list__term h5\">Suspension avant<\/dt>\n<dd class=\"product-specs-list__def p2\">WP invers\u00e9e \u00d8 43 mm<\/dd>\n<dt class=\"product-specs-list__term h5\">Suspension arri\u00e8re<\/dt>\n<dd class=\"product-specs-list__def p2\">Amortisseur WP Xplor PDS<\/dd>\n<dt class=\"product-specs-list__term h5\">D\u00e9battement avant<\/dt>\n<dd class=\"product-specs-list__def p2\">250 mm<\/dd>\n<dt class=\"product-specs-list__term h5\">D\u00e9battement arri\u00e8re<\/dt>\n<dd class=\"product-specs-list__def p2\">260 mm<\/dd>\n<dt class=\"product-specs-list__term h5\">Frein avant<\/dt>\n<dd class=\"product-specs-list__def p2\">Frein \u00e0 disque<\/dd>\n<dt class=\"product-specs-list__term h5\">Frein arri\u00e8re<\/dt>\n<dd class=\"product-specs-list__def p2\">Freins \u00e0 disque<\/dd>\n<dt class=\"product-specs-list__term h5\">Diam\u00e8tre disque de frein avant<\/dt>\n<dd class=\"product-specs-list__def p2\">260 mm<\/dd>\n<dt class=\"product-specs-list__term h5\">Diam\u00e8tre disque de frein arri\u00e8re<\/dt>\n<dd class=\"product-specs-list__def p2\">220 mm<\/dd>\n<dt class=\"product-specs-list__term h5\">Cha\u00eene<\/dt>\n<dd class=\"product-specs-list__def p2\">5\/8 x 1\/4&Prime;<\/dd>\n<dt class=\"product-specs-list__term h5\">Angle de chasse<\/dt>\n<dd class=\"product-specs-list__def p2\">67 \u00b0<\/dd>\n<dt class=\"product-specs-list__term h5\">Garde au sol<\/dt>\n<dd class=\"product-specs-list__def p2\">325 mm<\/dd>\n<dt class=\"product-specs-list__term h5\">Hauteur de selle<\/dt>\n<dd class=\"product-specs-list__def p2\">915 mm<\/dd>\n<dt class=\"product-specs-list__term h5\">Capacit\u00e9 du r\u00e9servoir (env.)<\/dt>\n<dd class=\"product-specs-list__def p2\">5.5 l<\/dd>\n<dt class=\"product-specs-list__term h5\">Poids READY TO RACE (sans carburant)<\/dt>\n<\/dl>\n<\/dd>\n<\/dl>\n<\/dt>\n<\/dl>\n<\/dd>\n<\/dl>\n<\/div>\n<p>&nbsp;<\/p>\n<\/div>\n<div class=\"product-overview-intro__text\" data-reactid=\"29\">\n<div class=\"product-overview-intro__description\" data-reactid=\"30\">\n<div class=\"product-overview-details__list-container\" data-reactid=\"39\">\n<p>&nbsp;<\/p>\n<\/div>\n<\/div>\n<h2 class=\"product-overview-intro__text--smallprint\" data-reactid=\"33\"><img loading=\"lazy\" decoding=\"async\" class=\"irc_mi\" src=\"https:\/\/www.adysmith.co.uk\/wp-content\/uploads\/2018\/06\/25OFFREERIDE.png\" onload=\"typeof google==='object'&amp;&amp;google.aft&amp;&amp;google.aft(this)\" alt=\"R\u00e9sultat de recherche d'images pour &quot;KTM FREERIDE 2019&quot;\" width=\"860\" height=\"589\" \/><\/h2>\n<\/div>\n","protected":false},"excerpt":{"rendered":"<p>TRIALS MEETS TRAILS La KTM FREERIDE 250 F est un nouveau concept de moto mixant des \u00e9l\u00e9ments de l\u2019univers du trial et de l\u2019enduro. Sa l\u00e9g\u00e8ret\u00e9, sa facilit\u00e9 d\u2019utilisation et son incroyable agilit\u00e9 raviront les<a class=\"moretag\" href=\"https:\/\/ktmpiboulesracing13.com\/index.php\/2017\/01\/01\/250-freeride-f-2018\/\"> Lire la suite&hellip;<\/a><\/p>\n","protected":false},"author":1,"featured_media":988,"comment_status":"closed","ping_status":"closed","sticky":false,"template":"","format":"standard","meta":{"footnotes":""},"categories":[3],"tags":[],"class_list":["post-986","post","type-post","status-publish","format-standard","has-post-thumbnail","hentry","category-neuves"],"_links":{"self":[{"href":"https:\/\/ktmpiboulesracing13.com\/index.php\/wp-json\/wp\/v2\/posts\/986","targetHints":{"allow":["GET"]}}],"collection":[{"href":"https:\/\/ktmpiboulesracing13.com\/index.php\/wp-json\/wp\/v2\/posts"}],"about":[{"href":"https:\/\/ktmpiboulesracing13.com\/index.php\/wp-json\/wp\/v2\/types\/post"}],"author":[{"embeddable":true,"href":"https:\/\/ktmpiboulesracing13.com\/index.php\/wp-json\/wp\/v2\/users\/1"}],"replies":[{"embeddable":true,"href":"https:\/\/ktmpiboulesracing13.com\/index.php\/wp-json\/wp\/v2\/comments?post=986"}],"version-history":[{"count":4,"href":"https:\/\/ktmpiboulesracing13.com\/index.php\/wp-json\/wp\/v2\/posts\/986\/revisions"}],"predecessor-version":[{"id":2347,"href":"https:\/\/ktmpiboulesracing13.com\/index.php\/wp-json\/wp\/v2\/posts\/986\/revisions\/2347"}],"wp:featuredmedia":[{"embeddable":true,"href":"https:\/\/ktmpiboulesracing13.com\/index.php\/wp-json\/wp\/v2\/media\/988"}],"wp:attachment":[{"href":"https:\/\/ktmpiboulesracing13.com\/index.php\/wp-json\/wp\/v2\/media?parent=986"}],"wp:term":[{"taxonomy":"category","embeddable":true,"href":"https:\/\/ktmpiboulesracing13.com\/index.php\/wp-json\/wp\/v2\/categories?post=986"},{"taxonomy":"post_tag","embeddable":true,"href":"https:\/\/ktmpiboulesracing13.com\/index.php\/wp-json\/wp\/v2\/tags?post=986"}],"curies":[{"name":"wp","href":"https:\/\/api.w.org\/{rel}","templated":true}]}}