{"id":913,"date":"2017-01-01T18:35:27","date_gmt":"2017-01-01T17:35:27","guid":{"rendered":"http:\/\/www.ktm13.com\/?p=913"},"modified":"2019-10-29T17:15:13","modified_gmt":"2019-10-29T16:15:13","slug":"913","status":"publish","type":"post","link":"https:\/\/ktmpiboulesracing13.com\/index.php\/2017\/01\/01\/913\/","title":{"rendered":"250 EXC TPI 2020"},"content":{"rendered":"\n<p><span class=\"product-header__price--display\">prix public conseill\u00e9 TTC: 9.299,00 EUR<\/span><\/p>\n<p><\/p>\n\n\n<h3 class=\"product-overview-intro__headline\">RACE TO NEW HEIGHTS<\/h3>\n<div class=\"product-overview-intro__text\">\n<div class=\"product-overview-intro__description\">\n<p class=\"sc-cIShpX faWYQS\">La KTM 250 EXC TPI de nouvelle g\u00e9n\u00e9ration repr\u00e9sente le compromis id\u00e9al entre puissance et facilit\u00e9 d\u2019utilisation. Enti\u00e8rement revisit\u00e9e dans sa version 2020, elle se d\u00e9marque par ses commandes intuitives, son look incomparable et ses performances de pointe. Dot\u00e9e d\u2019un syst\u00e8me d\u2019injection \u00e9lectronique de carburant (TPI) r\u00e9volutionnaire, cette reine de l\u2019enduro extr\u00eame prouve \u00e0 quel point KTM croit en l\u2019avenir de la technologie \u00e0 2\u00a0temps. Outre l\u2019importante diminution de la consommation de carburant et des \u00e9missions polluantes, ce syst\u00e8me \u00e9vite les interventions manuelles du pilote pour peaufiner la carburation de sa moto. La KTM 250 EXC TPI peut compter, par ailleurs, sur un nouveau cadre \u00e0 la fois l\u00e9ger et dynamique. Con\u00e7u en tenant compte de l\u2019avis des pilotes d\u2019usine KTM, ce cadre garantit un excellent retour d\u2019information au pilote.<\/p>\n<\/div>\n<\/div>\n<p><\/p>\n<h3 class=\"product-overview-details__header\">Fiche technique<\/h3>\n<dl class=\"product-specs\">\n<dt class=\"product-specs__term h3\">Engine<\/dt>\n<dd class=\"product-specs__definition\">\n<dl class=\"product-specs-list\">\n<dt class=\"product-specs-list__term h5\">Cylindr\u00e9e<\/dt>\n<dd class=\"product-specs-list__def p2\">249 cm\u00b3<\/dd>\n<dt class=\"product-specs-list__term h5\">Version<\/dt>\n<dd class=\"product-specs-list__def p2\">Moteur monocylindre, 2 temps<\/dd>\n<dt class=\"product-specs-list__term h5\">Al\u00e9sage<\/dt>\n<dd class=\"product-specs-list__def p2\">66.4 mm<\/dd>\n<dt class=\"product-specs-list__term h5\">Course<\/dt>\n<dd class=\"product-specs-list__def p2\">72 mm<\/dd>\n<dt class=\"product-specs-list__term h5\">D\u00e9marreur<\/dt>\n<dd class=\"product-specs-list__def p2\">D\u00e9marreur \u00e9lectrique<\/dd>\n<dt class=\"product-specs-list__term h5\">Bo\u00eete de vitesses<\/dt>\n<dd class=\"product-specs-list__def p2\">6 vitesses<\/dd>\n<dt class=\"product-specs-list__term h5\">Embrayage<\/dt>\n<dd class=\"product-specs-list__def p2\">Embrayage multidisques DDS \u00e0 bain d\u2019huile, hydraulique Brembo<\/dd>\n<dt class=\"product-specs-list__term h5\">EMS<\/dt>\n<dd class=\"product-specs-list__def p2\">Continental EMS<\/dd>\n<dt class=\"product-specs-list__term h5\">\u00c9missions de CO<sub>2<\/sub><\/dt>\n<dd class=\"product-specs-list__def p2\">59 g\/km<\/dd>\n<dt class=\"product-specs-list__term h5\">Consommation de carburant<\/dt>\n<dd class=\"product-specs-list__def p2\">2.55 l\/100 km<\/dd>\n<\/dl>\n<\/dd>\n<dt class=\"product-specs__term h3\">Chassis<\/dt>\n<dd class=\"product-specs__definition\">\n<dl class=\"product-specs-list\">\n<dt class=\"product-specs-list__term h5\">Mod\u00e8le cadre<\/dt>\n<dd class=\"product-specs-list__def p2\">Cadre central \u00e0 double berceau 25CrMo4 en acier<\/dd>\n<dt class=\"product-specs-list__term h5\">Suspension arri\u00e8re<\/dt>\n<dd class=\"product-specs-list__def p2\">Mono-amortisseur WP PDS<\/dd>\n<dt class=\"product-specs-list__term h5\">D\u00e9battement avant<\/dt>\n<dd class=\"product-specs-list__def p2\">300 mm<\/dd>\n<dt class=\"product-specs-list__term h5\">D\u00e9battement arri\u00e8re<\/dt>\n<dd class=\"product-specs-list__def p2\">310 mm<\/dd>\n<dt class=\"product-specs-list__term h5\">Frein avant<\/dt>\n<dd class=\"product-specs-list__def p2\">\u00c9trier flottant \u00e0 deux pistons Brembo, disque de frein<\/dd>\n<dt class=\"product-specs-list__term h5\">Frein arri\u00e8re<\/dt>\n<dd class=\"product-specs-list__def p2\">\u00c9trier flottant \u00e0 un piston Brembo, disque de frein<\/dd>\n<dt class=\"product-specs-list__term h5\">Diam\u00e8tre disque de frein avant<\/dt>\n<dd class=\"product-specs-list__def p2\">260 mm<\/dd>\n<dt class=\"product-specs-list__term h5\">Diam\u00e8tre disque de frein arri\u00e8re<\/dt>\n<dd class=\"product-specs-list__def p2\">220 mm<\/dd>\n<dt class=\"product-specs-list__term h5\">Cha\u00eene<\/dt>\n<dd class=\"product-specs-list__def p2\">X-Ring 5\/8 x 1\/4&Prime;<\/dd>\n<dt class=\"product-specs-list__term h5\">Garde au sol<\/dt>\n<dd class=\"product-specs-list__def p2\">370 mm<\/dd>\n<dt class=\"product-specs-list__term h5\">Hauteur de selle<\/dt>\n<dd class=\"product-specs-list__def p2\">960 mm<\/dd>\n<dt class=\"product-specs-list__term h5\">Capacit\u00e9 du r\u00e9servoir (env.)<\/dt>\n<dd class=\"product-specs-list__def p2\">9 l<\/dd>\n<dt class=\"product-specs-list__term h5\">Poids READY TO RACE (sans carburant)<\/dt>\n<dd class=\"product-specs-list__def p2\">103.4 kg<\/dd>\n<\/dl>\n<\/dd>\n<\/dl>\n<br \/>\n<div class=\"product-overview-details__list-container\" data-reactid=\"39\">\n<p><\/p>\n<\/div>\n\n\n<figure class=\"wp-block-image\"><img loading=\"lazy\" decoding=\"async\" width=\"458\" height=\"458\" src=\"http:\/\/www.ktm13.com\/wp-content\/uploads\/2019\/10\/ktm-250-exc-tpi-2020.jpg\" alt=\"\" class=\"wp-image-3443\" srcset=\"https:\/\/ktmpiboulesracing13.com\/wp-content\/uploads\/2019\/10\/ktm-250-exc-tpi-2020.jpg 458w, https:\/\/ktmpiboulesracing13.com\/wp-content\/uploads\/2019\/10\/ktm-250-exc-tpi-2020-90x90.jpg 90w, https:\/\/ktmpiboulesracing13.com\/wp-content\/uploads\/2019\/10\/ktm-250-exc-tpi-2020-300x300.jpg 300w\" sizes=\"auto, (max-width: 458px) 100vw, 458px\" \/><\/figure>\n","protected":false},"excerpt":{"rendered":"<p>prix public conseill\u00e9 TTC: 9.299,00 EUR RACE TO NEW HEIGHTS La KTM 250 EXC TPI de nouvelle g\u00e9n\u00e9ration repr\u00e9sente le compromis id\u00e9al entre puissance et facilit\u00e9 d\u2019utilisation. Enti\u00e8rement revisit\u00e9e dans sa version 2020, elle se<a class=\"moretag\" href=\"https:\/\/ktmpiboulesracing13.com\/index.php\/2017\/01\/01\/913\/\"> Lire la suite&hellip;<\/a><\/p>\n","protected":false},"author":1,"featured_media":3444,"comment_status":"closed","ping_status":"closed","sticky":false,"template":"","format":"standard","meta":{"footnotes":""},"categories":[14,3],"tags":[],"class_list":["post-913","post","type-post","status-publish","format-standard","has-post-thumbnail","hentry","category-enduro","category-neuves"],"_links":{"self":[{"href":"https:\/\/ktmpiboulesracing13.com\/index.php\/wp-json\/wp\/v2\/posts\/913","targetHints":{"allow":["GET"]}}],"collection":[{"href":"https:\/\/ktmpiboulesracing13.com\/index.php\/wp-json\/wp\/v2\/posts"}],"about":[{"href":"https:\/\/ktmpiboulesracing13.com\/index.php\/wp-json\/wp\/v2\/types\/post"}],"author":[{"embeddable":true,"href":"https:\/\/ktmpiboulesracing13.com\/index.php\/wp-json\/wp\/v2\/users\/1"}],"replies":[{"embeddable":true,"href":"https:\/\/ktmpiboulesracing13.com\/index.php\/wp-json\/wp\/v2\/comments?post=913"}],"version-history":[{"count":4,"href":"https:\/\/ktmpiboulesracing13.com\/index.php\/wp-json\/wp\/v2\/posts\/913\/revisions"}],"predecessor-version":[{"id":3445,"href":"https:\/\/ktmpiboulesracing13.com\/index.php\/wp-json\/wp\/v2\/posts\/913\/revisions\/3445"}],"wp:featuredmedia":[{"embeddable":true,"href":"https:\/\/ktmpiboulesracing13.com\/index.php\/wp-json\/wp\/v2\/media\/3444"}],"wp:attachment":[{"href":"https:\/\/ktmpiboulesracing13.com\/index.php\/wp-json\/wp\/v2\/media?parent=913"}],"wp:term":[{"taxonomy":"category","embeddable":true,"href":"https:\/\/ktmpiboulesracing13.com\/index.php\/wp-json\/wp\/v2\/categories?post=913"},{"taxonomy":"post_tag","embeddable":true,"href":"https:\/\/ktmpiboulesracing13.com\/index.php\/wp-json\/wp\/v2\/tags?post=913"}],"curies":[{"name":"wp","href":"https:\/\/api.w.org\/{rel}","templated":true}]}}