{"id":3237,"date":"2019-08-28T17:50:14","date_gmt":"2019-08-28T15:50:14","guid":{"rendered":"http:\/\/www.ktm13.com\/?p=3237"},"modified":"2019-08-28T17:50:16","modified_gmt":"2019-08-28T15:50:16","slug":"alpes-aventure-motofestival","status":"publish","type":"post","link":"https:\/\/ktmpiboulesracing13.com\/index.php\/2019\/08\/28\/alpes-aventure-motofestival\/","title":{"rendered":"ALPES AVENTURE MOTOFESTIVAL"},"content":{"rendered":"\n<p>Tu rides en trail KTM ? Viens profiter de 2 balades gratuites avec Gilles Salvador (Champion de France Supermotard) et le Staff KTM pendant l&rsquo;Alpes Aventure MotoFestival !<br \/>Les paysages magnifiques de la vall\u00e9e de l&rsquo;Ubaye nous ont donn\u00e9 des envies d\u2019 \u00abADVENTURE \u00bb !<br \/>Deux rendez-vous en fonction de ton domaine d&rsquo;expertise te sont propos\u00e9s \u00e0 l&rsquo;occasion de la 3\u00e8me \u00e9dition de l&rsquo;Alpes Aventure Motofestival les 06, 07 et 08 septembre 2019 \u00e0 Barcelonnette, dans les Alpes de Haute Provence (04).<br \/>Inscription au festival : https:\/\/bit.ly\/2L0Mmgc<br \/>Deux randonn\u00e9es trails KTM gratuites :<br \/>Pr\u00e9-inscription aux balades KTM : info@ktm.fr et inscription d\u00e9finitive apr\u00e8s retour de mail de notre part.<br \/>\u27a1 Samedi 7 Septembre : atelier cartographie + balade OFFROAD l&rsquo;apr\u00e8s-midi<br \/>&gt; 1er rendez-vous \u00e0 09h00 sur le stand KTM pour un atelier cartographie avec Benoit Farr\u00e9. Cet atelier-formation d&rsquo;une heure, r\u00e9serv\u00e9 aux propri\u00e9taires de KTM, a pour objectif d&rsquo;apprendre \u00e0 programmer ton GPS, \u00e0 utiliser la cartographie num\u00e9rique pour planifier tes voyages et mieux conna\u00eetre la r\u00e9glementation et l&rsquo;utilisation des chemins.<br \/>&gt; 2\u00e8me rendez-vous \u00e0 13h00 sur le stand KTM avec votre moto pour une rando offroad encompagnie de Gilles Salvador. D\u00e9but de la balade par des sentiers \u00ab\u00a0faciles\u00a0\u00bb puis trip jusqu&rsquo;au Col du Parpaillon (possibilit\u00e9 de couper la balade et de ne pas monter au Col du Parpaillon).<br \/>Retour au stand KTM : 16h00<br \/>&gt; Niveau de la balade : Debutant + \/ Interm\u00e9diaire.<\/p>\n<p>\u27a1 Dimanche 8 Septembre : balade ROUTE matinale<br \/>&gt; Rendez-vous sur le stand KTM \u00e0 09h00, pour une randonn\u00e9e avec Gilles Salvador \u00e0 la d\u00e9couverte des paysages d&rsquo;exception sur les hauteurs de Barcelonnette au guidon de votre moto. Retour au stand KTM : 12h00.<br \/>&gt; Niveau de la balade : Interm\u00e9diaire.<br \/>Inscription et conditions g\u00e9n\u00e9rales de participation :<br \/>\u2022 Randonn\u00e9es offroad du samedi accessibles qu\u2019aux propri\u00e9taires de trails KTM de la liste ci apr\u00e8s : 640 Adventure LC4 ; 640 LC4 Enduro ; 660 ; 690 Enduro ; 790 Adventure ; 950 Adventure ; 990 Adventure ; 1050 Adventure ; 1090 Adventure ; 1290 Super Adventure<br \/>\u2022 Pneus mixtes obligatoires pour la balade offroad du samedi<br \/>\u2022 Pour des raisons de s\u00e9curit\u00e9, nous vous recommandons de porter une tenue compl\u00e8te (bottes, casques et gants obligatoires).<br \/>Vous pouvez manifester votre int\u00e9r\u00eat via notre adresse mail (info@ktm.fr) , cependant nous vous confirmerons votre inscription d\u00e9finitive apr\u00e8s r\u00e9ception des \u00e9l\u00e9ments demand\u00e9s (permis en cours de validit\u00e9, carte grise et assurance obligatoire) et dans la limite des places disponibles.<br \/>\u2026 Retrouvez-nous sur le stand KTM pour essayer notre gamme KTM Adventure durant tout le weekend !<\/p>\n<p>L\u2019Alpes Aventure Motofestival, c\u2019est quoi ?<br \/>Les 6, 7 et 8 septembre \u00e0 Barcelonnette (04) | Edition #3<br \/>Les passionn\u00e9s de moto ont leur festival \u00e0 Barcelonnette au coeur de l&rsquo;Ubaye, joyaux des Alpes du Sud et fantastique terrain de jeu pour les motards, au pied de la plus haute route d&rsquo;Europe, le col de la Bonette &#8211; Restefond \u00e0 2802 m\u00e8tres d&rsquo;altitude et de 7 cols mythiques<br \/>(Cayolle, Allos, Larche, Saint-Jean, Vars, Pontis,&#8230;).<br \/>Partez \u00e0 la d\u00e9couverte de plus de 4000km de circuits, de ces cols, tous diff\u00e9rents, aux paysages vari\u00e9s, jadis d\u00e9roul\u00e9s pour relier des vall\u00e9es et aujourd\u2019hui tout naturellement fa\u00e7onn\u00e9s pour les adeptes de la moto.<br \/>Que vous preniez la route pour un week-end, une semaine, un mois ou plus encore,l&rsquo;Alpes Aventure Moto Trail festival s&rsquo;adresse \u00e0 tous ceux qui partent ou r\u00eavent de partir en moto seul ou en groupe.<br \/>Ce festival Europ\u00e9en r\u00e9unira plusieurs milliers de motards, vous \u00e9tiez plus de 4000 en 2017, amateurs de voyage \u00e0 moto, autour des constructeurs, \u00e9quipementiers et voyagistes sp\u00e9cialistes de la balade et de l&rsquo;aventure, petite ou grande.<br \/>Toutes les infos :\u00a0 www.alpesaventuremotofestival.com<br \/><br \/><\/p>\n<p><\/p>\n","protected":false},"excerpt":{"rendered":"<p>Tu rides en trail KTM ? Viens profiter de 2 balades gratuites avec Gilles Salvador (Champion de France Supermotard) et le Staff KTM pendant l&rsquo;Alpes Aventure MotoFestival !Les paysages magnifiques de la vall\u00e9e de l&rsquo;Ubaye<a class=\"moretag\" href=\"https:\/\/ktmpiboulesracing13.com\/index.php\/2019\/08\/28\/alpes-aventure-motofestival\/\"> Lire la suite&hellip;<\/a><\/p>\n","protected":false},"author":1,"featured_media":3240,"comment_status":"closed","ping_status":"closed","sticky":false,"template":"","format":"standard","meta":{"footnotes":""},"categories":[2,12,10,1],"tags":[],"class_list":["post-3237","post","type-post","status-publish","format-standard","has-post-thumbnail","hentry","category-news","category-rallye","category-street","category-uncategorized"],"_links":{"self":[{"href":"https:\/\/ktmpiboulesracing13.com\/index.php\/wp-json\/wp\/v2\/posts\/3237","targetHints":{"allow":["GET"]}}],"collection":[{"href":"https:\/\/ktmpiboulesracing13.com\/index.php\/wp-json\/wp\/v2\/posts"}],"about":[{"href":"https:\/\/ktmpiboulesracing13.com\/index.php\/wp-json\/wp\/v2\/types\/post"}],"author":[{"embeddable":true,"href":"https:\/\/ktmpiboulesracing13.com\/index.php\/wp-json\/wp\/v2\/users\/1"}],"replies":[{"embeddable":true,"href":"https:\/\/ktmpiboulesracing13.com\/index.php\/wp-json\/wp\/v2\/comments?post=3237"}],"version-history":[{"count":2,"href":"https:\/\/ktmpiboulesracing13.com\/index.php\/wp-json\/wp\/v2\/posts\/3237\/revisions"}],"predecessor-version":[{"id":3239,"href":"https:\/\/ktmpiboulesracing13.com\/index.php\/wp-json\/wp\/v2\/posts\/3237\/revisions\/3239"}],"wp:featuredmedia":[{"embeddable":true,"href":"https:\/\/ktmpiboulesracing13.com\/index.php\/wp-json\/wp\/v2\/media\/3240"}],"wp:attachment":[{"href":"https:\/\/ktmpiboulesracing13.com\/index.php\/wp-json\/wp\/v2\/media?parent=3237"}],"wp:term":[{"taxonomy":"category","embeddable":true,"href":"https:\/\/ktmpiboulesracing13.com\/index.php\/wp-json\/wp\/v2\/categories?post=3237"},{"taxonomy":"post_tag","embeddable":true,"href":"https:\/\/ktmpiboulesracing13.com\/index.php\/wp-json\/wp\/v2\/tags?post=3237"}],"curies":[{"name":"wp","href":"https:\/\/api.w.org\/{rel}","templated":true}]}}