{"id":1208,"date":"2018-04-05T11:26:02","date_gmt":"2018-04-05T09:26:02","guid":{"rendered":"http:\/\/www.ktm13.com\/?p=1208"},"modified":"2018-04-05T11:28:58","modified_gmt":"2018-04-05T09:28:58","slug":"power-days","status":"publish","type":"post","link":"http:\/\/ktmpiboulesracing13.com\/index.php\/2018\/04\/05\/power-days\/","title":{"rendered":"ORANGE Days"},"content":{"rendered":"<div class=\"text\">\n<p><span class=\"notranslate\" onmouseover=\"_tipon(this)\" onmouseout=\"_tipoff()\"><strong><a href=\"http:\/\/www.ktm13.com\/wp-content\/uploads\/2018\/04\/218027_Orange-Days-2018-Facebook.jpg\"><img loading=\"lazy\" decoding=\"async\" src=\"http:\/\/www.ktm13.com\/wp-content\/uploads\/2018\/04\/218027_Orange-Days-2018-Facebook.jpg\" alt=\"\" class=\"aligncenter size-full wp-image-1209\" width=\"851\" height=\"315\" \/><\/a>La pause d&rsquo;hiver est termin\u00e9e!<\/strong><\/span><\/p>\n<p><span class=\"notranslate\" onmouseover=\"_tipon(this)\" onmouseout=\"_tipoff()\"> <strong>En d\u00e9but de saison, la KTM ORANGE DAY se d\u00e9roule dans toute la France du 10 au 14 avril.<\/strong><\/span><\/p>\n<\/div>\n<div class=\"text\">\n<p><span class=\"notranslate\" onmouseover=\"_tipon(this)\" onmouseout=\"_tipoff()\"> Venez au KTM ORANGE DAY chez votre concessionnaire KTM et d\u00e9couvrez les nouveaux mod\u00e8les KTM de l&rsquo;ann\u00e9e 2018. R\u00e9servez votre essai routier et obtenez votre coup de pied d&rsquo;adr\u00e9naline KTM.<\/span><\/p>\n<p><span class=\"notranslate\" onmouseover=\"_tipon(this)\" onmouseout=\"_tipoff()\"> La g\u00e9n\u00e9ration de mod\u00e8les KTM 2018 offre une vari\u00e9t\u00e9 de nouveaut\u00e9s.<\/span><\/p>\n<p><span class=\"notranslate\" onmouseover=\"_tipon(this)\" onmouseout=\"_tipoff()\"> Pour la \u00ab\u00a0B\u00eate\u00a0\u00bb, la KTM 1290 SUPER DUKE R avec son puissant d\u00e9marrage, le \u00ab\u00a0scalpel\u00a0\u00bb appara\u00eet d\u00e9sormais sous la forme de la KTM 790 DUKE.<\/span> <span class=\"notranslate\" onmouseover=\"_tipon(this)\" onmouseout=\"_tipoff()\"><br \/>\n<\/span><\/p>\n<p><span class=\"notranslate\" onmouseover=\"_tipon(this)\" onmouseout=\"_tipoff()\"> Les vrais pilotes savent que la puissance n&rsquo;est rien sans pr\u00e9cision.<\/span> <span class=\"notranslate\" onmouseover=\"_tipon(this)\" onmouseout=\"_tipoff()\"><\/span><\/p>\n<p><span class=\"notranslate\" onmouseover=\"_tipon(this)\" onmouseout=\"_tipoff()\"> Avec la toute nouvelle KTM 790 DUKE, KTM pr\u00e9sente son premier bi-cylindre sur le segment de march\u00e9 , tr\u00e8s concurrentiel, entre 600 et 800 cc et \u00e9tend significativement sa pr\u00e9sence.<\/span><\/p>\n<p><span class=\"notranslate\" onmouseover=\"_tipon(this)\" onmouseout=\"_tipoff()\">C&rsquo;est l&rsquo;arme la plus chaude de KTM, con\u00e7ue pour un seul but: dominer la route.<\/span><\/p>\n<\/div>\n","protected":false},"excerpt":{"rendered":"<p>La pause d&rsquo;hiver est termin\u00e9e! En d\u00e9but de saison, la KTM ORANGE DAY se d\u00e9roule dans toute la France du 10 au 14 avril. Venez au KTM ORANGE DAY chez votre concessionnaire KTM et d\u00e9couvrez<a class=\"moretag\" href=\"http:\/\/ktmpiboulesracing13.com\/index.php\/2018\/04\/05\/power-days\/\"> Lire la suite&hellip;<\/a><\/p>\n","protected":false},"author":1,"featured_media":1209,"comment_status":"closed","ping_status":"closed","sticky":false,"template":"","format":"standard","meta":{"footnotes":""},"categories":[2,10],"tags":[],"class_list":["post-1208","post","type-post","status-publish","format-standard","has-post-thumbnail","hentry","category-news","category-street"],"_links":{"self":[{"href":"http:\/\/ktmpiboulesracing13.com\/index.php\/wp-json\/wp\/v2\/posts\/1208","targetHints":{"allow":["GET"]}}],"collection":[{"href":"http:\/\/ktmpiboulesracing13.com\/index.php\/wp-json\/wp\/v2\/posts"}],"about":[{"href":"http:\/\/ktmpiboulesracing13.com\/index.php\/wp-json\/wp\/v2\/types\/post"}],"author":[{"embeddable":true,"href":"http:\/\/ktmpiboulesracing13.com\/index.php\/wp-json\/wp\/v2\/users\/1"}],"replies":[{"embeddable":true,"href":"http:\/\/ktmpiboulesracing13.com\/index.php\/wp-json\/wp\/v2\/comments?post=1208"}],"version-history":[{"count":2,"href":"http:\/\/ktmpiboulesracing13.com\/index.php\/wp-json\/wp\/v2\/posts\/1208\/revisions"}],"predecessor-version":[{"id":1212,"href":"http:\/\/ktmpiboulesracing13.com\/index.php\/wp-json\/wp\/v2\/posts\/1208\/revisions\/1212"}],"wp:featuredmedia":[{"embeddable":true,"href":"http:\/\/ktmpiboulesracing13.com\/index.php\/wp-json\/wp\/v2\/media\/1209"}],"wp:attachment":[{"href":"http:\/\/ktmpiboulesracing13.com\/index.php\/wp-json\/wp\/v2\/media?parent=1208"}],"wp:term":[{"taxonomy":"category","embeddable":true,"href":"http:\/\/ktmpiboulesracing13.com\/index.php\/wp-json\/wp\/v2\/categories?post=1208"},{"taxonomy":"post_tag","embeddable":true,"href":"http:\/\/ktmpiboulesracing13.com\/index.php\/wp-json\/wp\/v2\/tags?post=1208"}],"curies":[{"name":"wp","href":"https:\/\/api.w.org\/{rel}","templated":true}]}}